{"id":737,"date":"2024-01-05T14:21:00","date_gmt":"2024-01-05T13:21:00","guid":{"rendered":"https:\/\/accenta.de\/accenta-und-ekiosk-machen-gemeinsame-sache-auf-der-eurocis\/"},"modified":"2024-12-05T13:32:42","modified_gmt":"2024-12-05T12:32:42","slug":"accenta-und-ekiosk-machen-gemeinsame-sache-auf-der-eurocis","status":"publish","type":"post","link":"https:\/\/accenta.de\/es\/accenta-und-ekiosk-machen-gemeinsame-sache-auf-der-eurocis\/","title":{"rendered":"ACCENTA Y EKIOSK UNEN SUS FUERZAS EN EUROCIS"},"content":{"rendered":"\n<p><strong>Hamburgo\/Dresde, enero de 2024 <\/strong>- ACCENTA y eKiosk unen sus fuerzas y expondr\u00e1n juntos en la pr\u00f3xima EuroCIS de D\u00fcsseldorf (pabell\u00f3n 10, stand 37). \"La demanda de sistemas de visualizaci\u00f3n t\u00e1ctiles aumenta constantemente, y en eKiosk hemos encontrado un socio ideal para complementar nuestra gama de servicios de se\u00f1alizaci\u00f3n digital y audio\", afirma Jessica Kalla, Directora General de ACCENTA.<\/p>\n\n\n\n<p>\"Nuestras dos ofertas son complementarias y atendemos a segmentos de clientes similares\", argumenta Mario Herget, Director General de la empresa de Dresde, a favor de la cooperaci\u00f3n.<\/p>\n\n\n\n<p>En el stand se expondr\u00e1 una gama completa de estelas para interior y exterior, as\u00ed como diversas soluciones t\u00e1ctiles. \"EuroCIS es la principal feria europea de tecnolog\u00eda para el comercio minorista. Nuestras soluciones se adaptan perfectamente al perfil de requisitos de las empresas minoristas, que son cada vez m\u00e1s digitales\", afirma Herget, subrayando la importancia de los tres d\u00edas en D\u00fcsseldorf a finales de febrero de 2024.<\/p>\n\n\n\n<p>\"Las exigencias de los socios minoristas a los proveedores de soluciones de se\u00f1alizaci\u00f3n digital aumentan constantemente y, a diferencia de muchas grandes empresas, nosotros somos r\u00e1pidos y flexibles en este sentido. Pero tambi\u00e9n podemos ofrecer soluciones a medida a escala internacional. Con nosotros siempre est\u00e1 en el lugar adecuado\", concluye Kalla.<\/p>\n\n\n\n<h3 class=\"wp-block-heading\">ACERCA DE EKIOSK<\/h3>\n\n\n\n<p>eKiosk GmbH, con sede en la localidad de alta tecnolog\u00eda de Dresde, es una empresa de fabricaci\u00f3n y especialista en digitalizaci\u00f3n de soluciones interactivas de autoservicio y quioscos, as\u00ed como aplicaciones de se\u00f1alizaci\u00f3n digital publicitaria \"Made in Germany\".&nbsp;<\/p>\n\n\n\n<p>Est\u00e1 dirigida por dos directores generales, Mario Herget y J\u00fcrgen Landstorfer. Como uno de los principales proveedores europeos con 20 a\u00f1os de experiencia en la producci\u00f3n de quioscos, eKiosk ha mantenido una mentalidad empresarial \u00e1gil. La I+D interna, los proveedores regionales y una s\u00f3lida red de socios permiten adaptaciones personalizadas en dise\u00f1o y equipamiento. Ya se trate de prototipos o de la producci\u00f3n de peque\u00f1as series, eKiosk ofrece todo de una sola mano: desde la planificaci\u00f3n y la gesti\u00f3n de proyectos, pasando por la producci\u00f3n y la puesta en marcha, hasta el despliegue, el servicio y la asistencia.<\/p>\n\n\n\n<p>M\u00e1s informaci\u00f3n en <a href=\"https:\/\/ekiosk.com\/\" target=\"_blank\" rel=\"noreferrer noopener\">https:\/\/ekiosk.com<\/a><\/p>\n\n\n\n<h3 class=\"wp-block-heading\">ACERCA DE ACCENTA<\/h3>\n\n\n\n<p>ACCENTA se fund\u00f3 en 2009 y opera en el mercado alem\u00e1n e internacional con tres segmentos de negocio (Sonido, Se\u00f1alizaci\u00f3n, Monitorizaci\u00f3n). A mediados de 2023 se abri\u00f3 una primera sucursal en Espa\u00f1a.<\/p>\n\n\n\n<p>El software propio TVLUTION, de f\u00e1cil manejo, el acceso a ofertas musicales sin GEMA y el software interno de monitorizaci\u00f3n KIOSK IQ son los rasgos distintivos de la empresa. Para m\u00e1s informaci\u00f3n, visite <a href=\"https:\/\/accenta.de\/\" target=\"_blank\" rel=\"noreferrer noopener\">https:\/\/accenta.de<\/a> o p\u00f3ngase en contacto con Jessica Kalla, Directora General, info@accenta.de.<\/p>\n","protected":false},"excerpt":{"rendered":"<p>Hamburgo\/Dresde, enero de 2024 - ACCENTA y eKiosk unen sus fuerzas y expondr\u00e1n juntos en la pr\u00f3xima EuroCIS de D\u00fcsseldorf (pabell\u00f3n 10, stand 37). \"La demanda de sistemas de visualizaci\u00f3n t\u00e1ctiles aumenta constantemente, y en eKiosk hemos encontrado un socio ideal para complementar nuestra gama de servicios de se\u00f1alizaci\u00f3n digital y audio\", afirma Jessica Kalla, [&hellip;]<\/p>\n","protected":false},"author":1,"featured_media":738,"comment_status":"open","ping_status":"open","sticky":false,"template":"","format":"standard","meta":{"footnotes":""},"categories":[29],"tags":[],"class_list":["post-737","post","type-post","status-publish","format-standard","has-post-thumbnail","hentry","category-actualizacion"],"acf":[],"_links":{"self":[{"href":"https:\/\/accenta.de\/es\/wp-json\/wp\/v2\/posts\/737","targetHints":{"allow":["GET"]}}],"collection":[{"href":"https:\/\/accenta.de\/es\/wp-json\/wp\/v2\/posts"}],"about":[{"href":"https:\/\/accenta.de\/es\/wp-json\/wp\/v2\/types\/post"}],"author":[{"embeddable":true,"href":"https:\/\/accenta.de\/es\/wp-json\/wp\/v2\/users\/1"}],"replies":[{"embeddable":true,"href":"https:\/\/accenta.de\/es\/wp-json\/wp\/v2\/comments?post=737"}],"version-history":[{"count":1,"href":"https:\/\/accenta.de\/es\/wp-json\/wp\/v2\/posts\/737\/revisions"}],"predecessor-version":[{"id":739,"href":"https:\/\/accenta.de\/es\/wp-json\/wp\/v2\/posts\/737\/revisions\/739"}],"wp:featuredmedia":[{"embeddable":true,"href":"https:\/\/accenta.de\/es\/wp-json\/wp\/v2\/media\/738"}],"wp:attachment":[{"href":"https:\/\/accenta.de\/es\/wp-json\/wp\/v2\/media?parent=737"}],"wp:term":[{"taxonomy":"category","embeddable":true,"href":"https:\/\/accenta.de\/es\/wp-json\/wp\/v2\/categories?post=737"},{"taxonomy":"post_tag","embeddable":true,"href":"https:\/\/accenta.de\/es\/wp-json\/wp\/v2\/tags?post=737"}],"curies":[{"name":"wp","href":"https:\/\/api.w.org\/{rel}","templated":true}]}}